{"id":4709,"date":"2018-06-15T09:12:17","date_gmt":"2018-06-15T09:12:17","guid":{"rendered":"http:\/\/www.mizar.es\/?p=4709"},"modified":"2019-02-12T16:13:49","modified_gmt":"2019-02-12T16:13:49","slug":"lampa-santiago-de-chile-chile-nouvelle-ligne-de-fabrication-de-mortiers","status":"publish","type":"post","link":"https:\/\/www.mizar.es\/fr\/2018\/06\/15\/lampa-santiago-de-chile-chile-nouvelle-ligne-de-fabrication-de-mortiers\/","title":{"rendered":"Lampa, Santiago de Chile -CHILE NOUVELLE LIGNE DE FABRICATION DE MORTIERS"},"content":{"rendered":"<p>[et_pb_section bb_built=\u00a0\u00bb1&Prime; admin_label=\u00a0\u00bbsection\u00a0\u00bb][et_pb_row admin_label=\u00a0\u00bbrow\u00a0\u00bb background_position=\u00a0\u00bbtop_left\u00a0\u00bb background_repeat=\u00a0\u00bbrepeat\u00a0\u00bb background_size=\u00a0\u00bbinitial\u00a0\u00bb][et_pb_column type=\u00a0\u00bb1_3&Prime;][et_pb_image src=\u00a0\u00bbhttp:\/\/www.mizar.es\/wp-content\/uploads\/2019\/02\/mizar-chile-1l.jpg\u00a0\u00bb use_border_color=\u00a0\u00bboff\u00a0\u00bb animation_style=\u00a0\u00bbslide\u00a0\u00bb animation_duration=\u00a0\u00bb500ms\u00a0\u00bb animation_intensity_slide=\u00a0\u00bb10%\u00a0\u00bb animation_direction=\u00a0\u00bbleft\u00a0\u00bb _builder_version=\u00a0\u00bb3.19.13&Prime;]<\/p>\n<p>[\/et_pb_image][et_pb_image src=\u00a0\u00bbhttp:\/\/www.mizar.es\/wp-content\/uploads\/2018\/06\/mizar-chile-9.jpg\u00a0\u00bb use_border_color=\u00a0\u00bboff\u00a0\u00bb animation_style=\u00a0\u00bbslide\u00a0\u00bb animation_duration=\u00a0\u00bb500ms\u00a0\u00bb animation_intensity_slide=\u00a0\u00bb10%\u00a0\u00bb animation_direction=\u00a0\u00bbleft\u00a0\u00bb _builder_version=\u00a0\u00bb3.19.14&Prime;]<\/p>\n<p>[\/et_pb_image][\/et_pb_column][et_pb_column type=\u00a0\u00bb1_3&Prime;][et_pb_image src=\u00a0\u00bbhttp:\/\/www.mizar.es\/wp-content\/uploads\/2019\/02\/mizar-chile-2.jpg\u00a0\u00bb use_border_color=\u00a0\u00bboff\u00a0\u00bb animation_style=\u00a0\u00bbslide\u00a0\u00bb animation_duration=\u00a0\u00bb500ms\u00a0\u00bb animation_intensity_slide=\u00a0\u00bb10%\u00a0\u00bb animation_direction=\u00a0\u00bbleft\u00a0\u00bb _builder_version=\u00a0\u00bb3.19.13&Prime;]<\/p>\n<p>[\/et_pb_image][et_pb_image src=\u00a0\u00bbhttp:\/\/www.mizar.es\/wp-content\/uploads\/2019\/02\/mizar-chile-5.jpg\u00a0\u00bb use_border_color=\u00a0\u00bboff\u00a0\u00bb animation_style=\u00a0\u00bbslide\u00a0\u00bb animation_duration=\u00a0\u00bb500ms\u00a0\u00bb animation_intensity_slide=\u00a0\u00bb10%\u00a0\u00bb animation_direction=\u00a0\u00bbleft\u00a0\u00bb _builder_version=\u00a0\u00bb3.19.13&Prime;]<\/p>\n<p>[\/et_pb_image][\/et_pb_column][et_pb_column type=\u00a0\u00bb1_3&Prime;][et_pb_image src=\u00a0\u00bbhttp:\/\/www.mizar.es\/wp-content\/uploads\/2019\/02\/mizar-chile-3.jpg\u00a0\u00bb use_border_color=\u00a0\u00bboff\u00a0\u00bb animation_style=\u00a0\u00bbslide\u00a0\u00bb animation_duration=\u00a0\u00bb500ms\u00a0\u00bb animation_intensity_slide=\u00a0\u00bb10%\u00a0\u00bb animation_direction=\u00a0\u00bbleft\u00a0\u00bb _builder_version=\u00a0\u00bb3.19.13&Prime;]<\/p>\n<p>[\/et_pb_image][et_pb_image src=\u00a0\u00bbhttp:\/\/www.mizar.es\/wp-content\/uploads\/2018\/06\/mizar-chile-8.jpg\u00a0\u00bb use_border_color=\u00a0\u00bboff\u00a0\u00bb animation_style=\u00a0\u00bbslide\u00a0\u00bb animation_duration=\u00a0\u00bb500ms\u00a0\u00bb animation_intensity_slide=\u00a0\u00bb10%\u00a0\u00bb animation_direction=\u00a0\u00bbleft\u00a0\u00bb _builder_version=\u00a0\u00bb3.19.14&Prime;]<\/p>\n<p>[\/et_pb_image][\/et_pb_column][\/et_pb_row][et_pb_row admin_label=\u00a0\u00bbrow\u00a0\u00bb background_position=\u00a0\u00bbtop_left\u00a0\u00bb background_repeat=\u00a0\u00bbrepeat\u00a0\u00bb background_size=\u00a0\u00bbinitial\u00a0\u00bb][et_pb_column type=\u00a0\u00bb4_4&Prime;][et_pb_text use_border_color=\u00a0\u00bboff\u00a0\u00bb background_position=\u00a0\u00bbtop_left\u00a0\u00bb background_repeat=\u00a0\u00bbrepeat\u00a0\u00bb background_size=\u00a0\u00bbinitial\u00a0\u00bb _builder_version=\u00a0\u00bb3.19.13&Prime;]<\/p>\n<h4>M\u00c9LANGEUR Mizar <strong>PHL2000U<\/strong><\/h4>\n<p>Installation pour la fabrication de mortiers avec malaxeur \u00e0 d\u00e9charge partielle MIZAR mod\u00e8le PHL2000U. Projet cl\u00e9 en main avec chargement et stockage des mati\u00e8res premi\u00e8res, dosage et m\u00e9lange.<\/p>\n<p>[\/et_pb_text][\/et_pb_column][\/et_pb_row][\/et_pb_section]<\/p>\n","protected":false},"excerpt":{"rendered":"<p>M\u00c9LANGEUR Mizar PHL2000U Installation pour la fabrication de mortiers avec malaxeur \u00e0 d\u00e9charge partielle MIZAR mod\u00e8le PHL2000U. Projet cl\u00e9 en main avec chargement et stockage des mati\u00e8res premi\u00e8res, dosage et m\u00e9lange.<\/p>\n","protected":false},"author":2,"featured_media":4761,"comment_status":"closed","ping_status":"closed","sticky":false,"template":"","format":"standard","meta":{"_et_pb_use_builder":"on","_et_pb_old_content":"","_et_gb_content_width":"","footnotes":""},"categories":[31],"tags":[],"class_list":["post-4709","post","type-post","status-publish","format-standard","has-post-thumbnail","hentry","category-nouvelles-et-evenements"],"yoast_head":"<!-- This site is optimized with the Yoast SEO plugin v27.2 - https:\/\/yoast.com\/product\/yoast-seo-wordpress\/ -->\n<title>Chile, NOUVELLE LIGNE DE FABRICATION DE MORTIERS<\/title>\n<meta name=\"description\" content=\"Installation pour la fabrication de mortiers avec malaxeur \u00e0 d\u00e9charge partielle MIZAR mod\u00e8le PHL2000U. Projet cl\u00e9 en main avec chargement et stockage.\" \/>\n<meta name=\"robots\" content=\"index, follow, max-snippet:-1, max-image-preview:large, max-video-preview:-1\" \/>\n<link rel=\"canonical\" href=\"https:\/\/www.mizar.es\/fr\/2018\/06\/15\/lampa-santiago-de-chile-chile-nouvelle-ligne-de-fabrication-de-mortiers\/\" \/>\n<meta property=\"og:locale\" content=\"fr_FR\" \/>\n<meta property=\"og:type\" content=\"article\" \/>\n<meta property=\"og:title\" content=\"Chile, NOUVELLE LIGNE DE FABRICATION DE MORTIERS\" \/>\n<meta property=\"og:description\" content=\"Installation pour la fabrication de mortiers avec malaxeur \u00e0 d\u00e9charge partielle MIZAR mod\u00e8le PHL2000U. Projet cl\u00e9 en main avec chargement et stockage.\" \/>\n<meta property=\"og:url\" content=\"https:\/\/www.mizar.es\/fr\/2018\/06\/15\/lampa-santiago-de-chile-chile-nouvelle-ligne-de-fabrication-de-mortiers\/\" \/>\n<meta property=\"og:site_name\" content=\"Mizar\" \/>\n<meta property=\"article:published_time\" content=\"2018-06-15T09:12:17+00:00\" \/>\n<meta property=\"article:modified_time\" content=\"2019-02-12T16:13:49+00:00\" \/>\n<meta property=\"og:image\" content=\"https:\/\/www.mizar.es\/wp-content\/uploads\/2018\/06\/mizar-chile-7.jpg\" \/>\n\t<meta property=\"og:image:width\" content=\"900\" \/>\n\t<meta property=\"og:image:height\" content=\"596\" \/>\n\t<meta property=\"og:image:type\" content=\"image\/jpeg\" \/>\n<meta name=\"author\" content=\"quim sarda\" \/>\n<meta name=\"twitter:card\" content=\"summary_large_image\" \/>\n<meta name=\"twitter:label1\" content=\"\u00c9crit par\" \/>\n\t<meta name=\"twitter:data1\" content=\"quim sarda\" \/>\n\t<meta name=\"twitter:label2\" content=\"Dur\u00e9e de lecture estim\u00e9e\" \/>\n\t<meta name=\"twitter:data2\" content=\"2 minutes\" \/>\n<script type=\"application\/ld+json\" class=\"yoast-schema-graph\">{\"@context\":\"https:\/\/schema.org\",\"@graph\":[{\"@type\":\"Article\",\"@id\":\"https:\/\/www.mizar.es\/fr\/2018\/06\/15\/lampa-santiago-de-chile-chile-nouvelle-ligne-de-fabrication-de-mortiers\/#article\",\"isPartOf\":{\"@id\":\"https:\/\/www.mizar.es\/fr\/2018\/06\/15\/lampa-santiago-de-chile-chile-nouvelle-ligne-de-fabrication-de-mortiers\/\"},\"author\":{\"name\":\"quim sarda\",\"@id\":\"https:\/\/www.mizar.es\/#\/schema\/person\/43503dd9e55fcc99739a73504ebb2cea\"},\"headline\":\"Lampa, Santiago de Chile -CHILE NOUVELLE LIGNE DE FABRICATION DE MORTIERS\",\"datePublished\":\"2018-06-15T09:12:17+00:00\",\"dateModified\":\"2019-02-12T16:13:49+00:00\",\"mainEntityOfPage\":{\"@id\":\"https:\/\/www.mizar.es\/fr\/2018\/06\/15\/lampa-santiago-de-chile-chile-nouvelle-ligne-de-fabrication-de-mortiers\/\"},\"wordCount\":347,\"publisher\":{\"@id\":\"https:\/\/www.mizar.es\/#organization\"},\"image\":{\"@id\":\"https:\/\/www.mizar.es\/fr\/2018\/06\/15\/lampa-santiago-de-chile-chile-nouvelle-ligne-de-fabrication-de-mortiers\/#primaryimage\"},\"thumbnailUrl\":\"https:\/\/www.mizar.es\/wp-content\/uploads\/2018\/06\/mizar-chile-7.jpg\",\"articleSection\":[\"Nouvelles et \u00e9v\u00e9nements\"],\"inLanguage\":\"fr-FR\"},{\"@type\":\"WebPage\",\"@id\":\"https:\/\/www.mizar.es\/fr\/2018\/06\/15\/lampa-santiago-de-chile-chile-nouvelle-ligne-de-fabrication-de-mortiers\/\",\"url\":\"https:\/\/www.mizar.es\/fr\/2018\/06\/15\/lampa-santiago-de-chile-chile-nouvelle-ligne-de-fabrication-de-mortiers\/\",\"name\":\"Chile, NOUVELLE LIGNE DE FABRICATION DE MORTIERS\",\"isPartOf\":{\"@id\":\"https:\/\/www.mizar.es\/#website\"},\"primaryImageOfPage\":{\"@id\":\"https:\/\/www.mizar.es\/fr\/2018\/06\/15\/lampa-santiago-de-chile-chile-nouvelle-ligne-de-fabrication-de-mortiers\/#primaryimage\"},\"image\":{\"@id\":\"https:\/\/www.mizar.es\/fr\/2018\/06\/15\/lampa-santiago-de-chile-chile-nouvelle-ligne-de-fabrication-de-mortiers\/#primaryimage\"},\"thumbnailUrl\":\"https:\/\/www.mizar.es\/wp-content\/uploads\/2018\/06\/mizar-chile-7.jpg\",\"datePublished\":\"2018-06-15T09:12:17+00:00\",\"dateModified\":\"2019-02-12T16:13:49+00:00\",\"description\":\"Installation pour la fabrication de mortiers avec malaxeur \u00e0 d\u00e9charge partielle MIZAR mod\u00e8le PHL2000U. Projet cl\u00e9 en main avec chargement et stockage.\",\"breadcrumb\":{\"@id\":\"https:\/\/www.mizar.es\/fr\/2018\/06\/15\/lampa-santiago-de-chile-chile-nouvelle-ligne-de-fabrication-de-mortiers\/#breadcrumb\"},\"inLanguage\":\"fr-FR\",\"potentialAction\":[{\"@type\":\"ReadAction\",\"target\":[\"https:\/\/www.mizar.es\/fr\/2018\/06\/15\/lampa-santiago-de-chile-chile-nouvelle-ligne-de-fabrication-de-mortiers\/\"]}]},{\"@type\":\"ImageObject\",\"inLanguage\":\"fr-FR\",\"@id\":\"https:\/\/www.mizar.es\/fr\/2018\/06\/15\/lampa-santiago-de-chile-chile-nouvelle-ligne-de-fabrication-de-mortiers\/#primaryimage\",\"url\":\"https:\/\/www.mizar.es\/wp-content\/uploads\/2018\/06\/mizar-chile-7.jpg\",\"contentUrl\":\"https:\/\/www.mizar.es\/wp-content\/uploads\/2018\/06\/mizar-chile-7.jpg\",\"width\":900,\"height\":596,\"caption\":\"mizar-instalacion-planta-chile\"},{\"@type\":\"BreadcrumbList\",\"@id\":\"https:\/\/www.mizar.es\/fr\/2018\/06\/15\/lampa-santiago-de-chile-chile-nouvelle-ligne-de-fabrication-de-mortiers\/#breadcrumb\",\"itemListElement\":[{\"@type\":\"ListItem\",\"position\":1,\"name\":\"Portada\",\"item\":\"https:\/\/www.mizar.es\/fr\/\"},{\"@type\":\"ListItem\",\"position\":2,\"name\":\"Lampa, Santiago de Chile -CHILE NOUVELLE LIGNE DE FABRICATION DE MORTIERS\"}]},{\"@type\":\"WebSite\",\"@id\":\"https:\/\/www.mizar.es\/#website\",\"url\":\"https:\/\/www.mizar.es\/\",\"name\":\"Mizar\",\"description\":\"Otro sitio realizado con WordPress\",\"publisher\":{\"@id\":\"https:\/\/www.mizar.es\/#organization\"},\"potentialAction\":[{\"@type\":\"SearchAction\",\"target\":{\"@type\":\"EntryPoint\",\"urlTemplate\":\"https:\/\/www.mizar.es\/?s={search_term_string}\"},\"query-input\":{\"@type\":\"PropertyValueSpecification\",\"valueRequired\":true,\"valueName\":\"search_term_string\"}}],\"inLanguage\":\"fr-FR\"},{\"@type\":\"Organization\",\"@id\":\"https:\/\/www.mizar.es\/#organization\",\"name\":\"Mizar\",\"url\":\"https:\/\/www.mizar.es\/\",\"logo\":{\"@type\":\"ImageObject\",\"inLanguage\":\"fr-FR\",\"@id\":\"https:\/\/www.mizar.es\/#\/schema\/logo\/image\/\",\"url\":\"https:\/\/www.mizar.es\/wp-content\/uploads\/2017\/03\/Logo-Mizar.png\",\"contentUrl\":\"https:\/\/www.mizar.es\/wp-content\/uploads\/2017\/03\/Logo-Mizar.png\",\"width\":350,\"height\":315,\"caption\":\"Mizar\"},\"image\":{\"@id\":\"https:\/\/www.mizar.es\/#\/schema\/logo\/image\/\"}},{\"@type\":\"Person\",\"@id\":\"https:\/\/www.mizar.es\/#\/schema\/person\/43503dd9e55fcc99739a73504ebb2cea\",\"name\":\"quim sarda\",\"image\":{\"@type\":\"ImageObject\",\"inLanguage\":\"fr-FR\",\"@id\":\"https:\/\/secure.gravatar.com\/avatar\/43c3ddc266cb8e10fd688ac67b85f9ed58c43fb70b33519cd69b0a20033d2d80?s=96&d=mm&r=g\",\"url\":\"https:\/\/secure.gravatar.com\/avatar\/43c3ddc266cb8e10fd688ac67b85f9ed58c43fb70b33519cd69b0a20033d2d80?s=96&d=mm&r=g\",\"contentUrl\":\"https:\/\/secure.gravatar.com\/avatar\/43c3ddc266cb8e10fd688ac67b85f9ed58c43fb70b33519cd69b0a20033d2d80?s=96&d=mm&r=g\",\"caption\":\"quim sarda\"},\"sameAs\":[\"quim\"],\"url\":\"https:\/\/www.mizar.es\/fr\/author\/quim\/\"}]}<\/script>\n<!-- \/ Yoast SEO plugin. -->","yoast_head_json":{"title":"Chile, NOUVELLE LIGNE DE FABRICATION DE MORTIERS","description":"Installation pour la fabrication de mortiers avec malaxeur \u00e0 d\u00e9charge partielle MIZAR mod\u00e8le PHL2000U. Projet cl\u00e9 en main avec chargement et stockage.","robots":{"index":"index","follow":"follow","max-snippet":"max-snippet:-1","max-image-preview":"max-image-preview:large","max-video-preview":"max-video-preview:-1"},"canonical":"https:\/\/www.mizar.es\/fr\/2018\/06\/15\/lampa-santiago-de-chile-chile-nouvelle-ligne-de-fabrication-de-mortiers\/","og_locale":"fr_FR","og_type":"article","og_title":"Chile, NOUVELLE LIGNE DE FABRICATION DE MORTIERS","og_description":"Installation pour la fabrication de mortiers avec malaxeur \u00e0 d\u00e9charge partielle MIZAR mod\u00e8le PHL2000U. Projet cl\u00e9 en main avec chargement et stockage.","og_url":"https:\/\/www.mizar.es\/fr\/2018\/06\/15\/lampa-santiago-de-chile-chile-nouvelle-ligne-de-fabrication-de-mortiers\/","og_site_name":"Mizar","article_published_time":"2018-06-15T09:12:17+00:00","article_modified_time":"2019-02-12T16:13:49+00:00","og_image":[{"width":900,"height":596,"url":"https:\/\/www.mizar.es\/wp-content\/uploads\/2018\/06\/mizar-chile-7.jpg","type":"image\/jpeg"}],"author":"quim sarda","twitter_card":"summary_large_image","twitter_misc":{"\u00c9crit par":"quim sarda","Dur\u00e9e de lecture estim\u00e9e":"2 minutes"},"schema":{"@context":"https:\/\/schema.org","@graph":[{"@type":"Article","@id":"https:\/\/www.mizar.es\/fr\/2018\/06\/15\/lampa-santiago-de-chile-chile-nouvelle-ligne-de-fabrication-de-mortiers\/#article","isPartOf":{"@id":"https:\/\/www.mizar.es\/fr\/2018\/06\/15\/lampa-santiago-de-chile-chile-nouvelle-ligne-de-fabrication-de-mortiers\/"},"author":{"name":"quim sarda","@id":"https:\/\/www.mizar.es\/#\/schema\/person\/43503dd9e55fcc99739a73504ebb2cea"},"headline":"Lampa, Santiago de Chile -CHILE NOUVELLE LIGNE DE FABRICATION DE MORTIERS","datePublished":"2018-06-15T09:12:17+00:00","dateModified":"2019-02-12T16:13:49+00:00","mainEntityOfPage":{"@id":"https:\/\/www.mizar.es\/fr\/2018\/06\/15\/lampa-santiago-de-chile-chile-nouvelle-ligne-de-fabrication-de-mortiers\/"},"wordCount":347,"publisher":{"@id":"https:\/\/www.mizar.es\/#organization"},"image":{"@id":"https:\/\/www.mizar.es\/fr\/2018\/06\/15\/lampa-santiago-de-chile-chile-nouvelle-ligne-de-fabrication-de-mortiers\/#primaryimage"},"thumbnailUrl":"https:\/\/www.mizar.es\/wp-content\/uploads\/2018\/06\/mizar-chile-7.jpg","articleSection":["Nouvelles et \u00e9v\u00e9nements"],"inLanguage":"fr-FR"},{"@type":"WebPage","@id":"https:\/\/www.mizar.es\/fr\/2018\/06\/15\/lampa-santiago-de-chile-chile-nouvelle-ligne-de-fabrication-de-mortiers\/","url":"https:\/\/www.mizar.es\/fr\/2018\/06\/15\/lampa-santiago-de-chile-chile-nouvelle-ligne-de-fabrication-de-mortiers\/","name":"Chile, NOUVELLE LIGNE DE FABRICATION DE MORTIERS","isPartOf":{"@id":"https:\/\/www.mizar.es\/#website"},"primaryImageOfPage":{"@id":"https:\/\/www.mizar.es\/fr\/2018\/06\/15\/lampa-santiago-de-chile-chile-nouvelle-ligne-de-fabrication-de-mortiers\/#primaryimage"},"image":{"@id":"https:\/\/www.mizar.es\/fr\/2018\/06\/15\/lampa-santiago-de-chile-chile-nouvelle-ligne-de-fabrication-de-mortiers\/#primaryimage"},"thumbnailUrl":"https:\/\/www.mizar.es\/wp-content\/uploads\/2018\/06\/mizar-chile-7.jpg","datePublished":"2018-06-15T09:12:17+00:00","dateModified":"2019-02-12T16:13:49+00:00","description":"Installation pour la fabrication de mortiers avec malaxeur \u00e0 d\u00e9charge partielle MIZAR mod\u00e8le PHL2000U. Projet cl\u00e9 en main avec chargement et stockage.","breadcrumb":{"@id":"https:\/\/www.mizar.es\/fr\/2018\/06\/15\/lampa-santiago-de-chile-chile-nouvelle-ligne-de-fabrication-de-mortiers\/#breadcrumb"},"inLanguage":"fr-FR","potentialAction":[{"@type":"ReadAction","target":["https:\/\/www.mizar.es\/fr\/2018\/06\/15\/lampa-santiago-de-chile-chile-nouvelle-ligne-de-fabrication-de-mortiers\/"]}]},{"@type":"ImageObject","inLanguage":"fr-FR","@id":"https:\/\/www.mizar.es\/fr\/2018\/06\/15\/lampa-santiago-de-chile-chile-nouvelle-ligne-de-fabrication-de-mortiers\/#primaryimage","url":"https:\/\/www.mizar.es\/wp-content\/uploads\/2018\/06\/mizar-chile-7.jpg","contentUrl":"https:\/\/www.mizar.es\/wp-content\/uploads\/2018\/06\/mizar-chile-7.jpg","width":900,"height":596,"caption":"mizar-instalacion-planta-chile"},{"@type":"BreadcrumbList","@id":"https:\/\/www.mizar.es\/fr\/2018\/06\/15\/lampa-santiago-de-chile-chile-nouvelle-ligne-de-fabrication-de-mortiers\/#breadcrumb","itemListElement":[{"@type":"ListItem","position":1,"name":"Portada","item":"https:\/\/www.mizar.es\/fr\/"},{"@type":"ListItem","position":2,"name":"Lampa, Santiago de Chile -CHILE NOUVELLE LIGNE DE FABRICATION DE MORTIERS"}]},{"@type":"WebSite","@id":"https:\/\/www.mizar.es\/#website","url":"https:\/\/www.mizar.es\/","name":"Mizar","description":"Otro sitio realizado con WordPress","publisher":{"@id":"https:\/\/www.mizar.es\/#organization"},"potentialAction":[{"@type":"SearchAction","target":{"@type":"EntryPoint","urlTemplate":"https:\/\/www.mizar.es\/?s={search_term_string}"},"query-input":{"@type":"PropertyValueSpecification","valueRequired":true,"valueName":"search_term_string"}}],"inLanguage":"fr-FR"},{"@type":"Organization","@id":"https:\/\/www.mizar.es\/#organization","name":"Mizar","url":"https:\/\/www.mizar.es\/","logo":{"@type":"ImageObject","inLanguage":"fr-FR","@id":"https:\/\/www.mizar.es\/#\/schema\/logo\/image\/","url":"https:\/\/www.mizar.es\/wp-content\/uploads\/2017\/03\/Logo-Mizar.png","contentUrl":"https:\/\/www.mizar.es\/wp-content\/uploads\/2017\/03\/Logo-Mizar.png","width":350,"height":315,"caption":"Mizar"},"image":{"@id":"https:\/\/www.mizar.es\/#\/schema\/logo\/image\/"}},{"@type":"Person","@id":"https:\/\/www.mizar.es\/#\/schema\/person\/43503dd9e55fcc99739a73504ebb2cea","name":"quim sarda","image":{"@type":"ImageObject","inLanguage":"fr-FR","@id":"https:\/\/secure.gravatar.com\/avatar\/43c3ddc266cb8e10fd688ac67b85f9ed58c43fb70b33519cd69b0a20033d2d80?s=96&d=mm&r=g","url":"https:\/\/secure.gravatar.com\/avatar\/43c3ddc266cb8e10fd688ac67b85f9ed58c43fb70b33519cd69b0a20033d2d80?s=96&d=mm&r=g","contentUrl":"https:\/\/secure.gravatar.com\/avatar\/43c3ddc266cb8e10fd688ac67b85f9ed58c43fb70b33519cd69b0a20033d2d80?s=96&d=mm&r=g","caption":"quim sarda"},"sameAs":["quim"],"url":"https:\/\/www.mizar.es\/fr\/author\/quim\/"}]}},"_links":{"self":[{"href":"https:\/\/www.mizar.es\/fr\/wp-json\/wp\/v2\/posts\/4709","targetHints":{"allow":["GET"]}}],"collection":[{"href":"https:\/\/www.mizar.es\/fr\/wp-json\/wp\/v2\/posts"}],"about":[{"href":"https:\/\/www.mizar.es\/fr\/wp-json\/wp\/v2\/types\/post"}],"author":[{"embeddable":true,"href":"https:\/\/www.mizar.es\/fr\/wp-json\/wp\/v2\/users\/2"}],"replies":[{"embeddable":true,"href":"https:\/\/www.mizar.es\/fr\/wp-json\/wp\/v2\/comments?post=4709"}],"version-history":[{"count":5,"href":"https:\/\/www.mizar.es\/fr\/wp-json\/wp\/v2\/posts\/4709\/revisions"}],"predecessor-version":[{"id":4776,"href":"https:\/\/www.mizar.es\/fr\/wp-json\/wp\/v2\/posts\/4709\/revisions\/4776"}],"wp:featuredmedia":[{"embeddable":true,"href":"https:\/\/www.mizar.es\/fr\/wp-json\/wp\/v2\/media\/4761"}],"wp:attachment":[{"href":"https:\/\/www.mizar.es\/fr\/wp-json\/wp\/v2\/media?parent=4709"}],"wp:term":[{"taxonomy":"category","embeddable":true,"href":"https:\/\/www.mizar.es\/fr\/wp-json\/wp\/v2\/categories?post=4709"},{"taxonomy":"post_tag","embeddable":true,"href":"https:\/\/www.mizar.es\/fr\/wp-json\/wp\/v2\/tags?post=4709"}],"curies":[{"name":"wp","href":"https:\/\/api.w.org\/{rel}","templated":true}]}}